{"id":50,"date":"2022-03-07T21:12:02","date_gmt":"2022-03-07T21:12:02","guid":{"rendered":"http:\/\/leisewege.de\/?p=50"},"modified":"2022-04-20T19:10:01","modified_gmt":"2022-04-20T19:10:01","slug":"ein-tag-im-hohen-venn","status":"publish","type":"post","link":"https:\/\/leisewege.de\/?p=50","title":{"rendered":"Selbstportr\u00e4t im hohen Venn"},"content":{"rendered":"<p><img loading=\"lazy\" decoding=\"async\" class=\"alignnone wp-image-73 size-full\" src=\"https:\/\/leisewege.de\/wp-content\/uploads\/2022\/03\/FL0_6168web.jpg\" alt=\"\" width=\"1000\" height=\"665\" srcset=\"https:\/\/leisewege.de\/wp-content\/uploads\/2022\/03\/FL0_6168web.jpg 1000w, https:\/\/leisewege.de\/wp-content\/uploads\/2022\/03\/FL0_6168web-300x200.jpg 300w, https:\/\/leisewege.de\/wp-content\/uploads\/2022\/03\/FL0_6168web-768x511.jpg 768w, https:\/\/leisewege.de\/wp-content\/uploads\/2022\/03\/FL0_6168web-450x300.jpg 450w, https:\/\/leisewege.de\/wp-content\/uploads\/2022\/03\/FL0_6168web-90x60.jpg 90w\" sizes=\"auto, (max-width: 1000px) 100vw, 1000px\" \/><\/p>\n<p><img loading=\"lazy\" decoding=\"async\" class=\"alignnone wp-image-74 size-full\" src=\"https:\/\/leisewege.de\/wp-content\/uploads\/2022\/03\/FL0_6182web.jpg\" alt=\"\" width=\"1000\" height=\"665\" srcset=\"https:\/\/leisewege.de\/wp-content\/uploads\/2022\/03\/FL0_6182web.jpg 1000w, https:\/\/leisewege.de\/wp-content\/uploads\/2022\/03\/FL0_6182web-300x200.jpg 300w, https:\/\/leisewege.de\/wp-content\/uploads\/2022\/03\/FL0_6182web-768x511.jpg 768w, https:\/\/leisewege.de\/wp-content\/uploads\/2022\/03\/FL0_6182web-450x300.jpg 450w, https:\/\/leisewege.de\/wp-content\/uploads\/2022\/03\/FL0_6182web-90x60.jpg 90w\" sizes=\"auto, (max-width: 1000px) 100vw, 1000px\" \/><\/p>\n<p>Inspiriert durch einen Fotowalk mit der lieben Jessy von <a href=\"http:\/\/jessylee.de\">jessylee.de<\/a> , fuhr ich an einem nebligen Mittwochmittag nach Belgien ins hohe Venn. Um mich in eine positivere Stimmung zu versetzen, fuhr ich laut singend mit dem Auto gut 1 1\/2 Stunden von zu Hause nach Belgien. Im hohen Venn angekommen standen nur wenige Autos auf dem Parkplatz und mein Herz h\u00fcpfte vor lauter Vorfreude, das ich in Ruhe fotografieren kann. Der Rucksack war fertig gepackt, die Akkus geladen, die Speicherkarten frei und ich hatte ein kleines Str\u00e4u\u00dfchen Trockenblumen dabei, um keine Pflanzen vor Ort der Natur zu entnehmen.<\/p>\n<p style=\"text-align: center;\"><img loading=\"lazy\" decoding=\"async\" class=\"alignnone size-medium wp-image-61\" src=\"https:\/\/leisewege.de\/wp-content\/uploads\/2022\/03\/IMG_7716-225x300.jpeg\" alt=\"\" width=\"225\" height=\"300\" srcset=\"https:\/\/leisewege.de\/wp-content\/uploads\/2022\/03\/IMG_7716-225x300.jpeg 225w, https:\/\/leisewege.de\/wp-content\/uploads\/2022\/03\/IMG_7716-768x1024.jpeg 768w, https:\/\/leisewege.de\/wp-content\/uploads\/2022\/03\/IMG_7716-1152x1536.jpeg 1152w, https:\/\/leisewege.de\/wp-content\/uploads\/2022\/03\/IMG_7716-1536x2048.jpeg 1536w, https:\/\/leisewege.de\/wp-content\/uploads\/2022\/03\/IMG_7716-45x60.jpeg 45w, https:\/\/leisewege.de\/wp-content\/uploads\/2022\/03\/IMG_7716-scaled.jpeg 1920w\" sizes=\"auto, (max-width: 225px) 100vw, 225px\" \/> <img loading=\"lazy\" decoding=\"async\" class=\"alignnone size-medium wp-image-62\" src=\"https:\/\/leisewege.de\/wp-content\/uploads\/2022\/03\/IMG_7719-225x300.jpeg\" alt=\"\" width=\"225\" height=\"300\" srcset=\"https:\/\/leisewege.de\/wp-content\/uploads\/2022\/03\/IMG_7719-225x300.jpeg 225w, https:\/\/leisewege.de\/wp-content\/uploads\/2022\/03\/IMG_7719-768x1024.jpeg 768w, https:\/\/leisewege.de\/wp-content\/uploads\/2022\/03\/IMG_7719-1152x1536.jpeg 1152w, https:\/\/leisewege.de\/wp-content\/uploads\/2022\/03\/IMG_7719-1536x2048.jpeg 1536w, https:\/\/leisewege.de\/wp-content\/uploads\/2022\/03\/IMG_7719-45x60.jpeg 45w, https:\/\/leisewege.de\/wp-content\/uploads\/2022\/03\/IMG_7719-scaled.jpeg 1920w\" sizes=\"auto, (max-width: 225px) 100vw, 225px\" \/>\u00a0<img loading=\"lazy\" decoding=\"async\" class=\"alignnone size-medium wp-image-64\" src=\"https:\/\/leisewege.de\/wp-content\/uploads\/2022\/03\/IMG_7886-225x300.jpeg\" alt=\"\" width=\"225\" height=\"300\" srcset=\"https:\/\/leisewege.de\/wp-content\/uploads\/2022\/03\/IMG_7886-225x300.jpeg 225w, https:\/\/leisewege.de\/wp-content\/uploads\/2022\/03\/IMG_7886-768x1024.jpeg 768w, https:\/\/leisewege.de\/wp-content\/uploads\/2022\/03\/IMG_7886-1152x1536.jpeg 1152w, https:\/\/leisewege.de\/wp-content\/uploads\/2022\/03\/IMG_7886-1536x2048.jpeg 1536w, https:\/\/leisewege.de\/wp-content\/uploads\/2022\/03\/IMG_7886-45x60.jpeg 45w, https:\/\/leisewege.de\/wp-content\/uploads\/2022\/03\/IMG_7886-scaled.jpeg 1920w\" sizes=\"auto, (max-width: 225px) 100vw, 225px\" \/><\/p>\n<p>Mein Wanderrucksack tr\u00e4gt sich dank Beckengurt sehr bequem und ein Stativ passt auch in den Rucksack hinein. Dann baumelt es nicht an der Seite, wie es bei vielen Fotorucks\u00e4cken der Fall ist. F\u00fcr mich ist das einfach bequemer zu tragen. Der Eingang zum hohen Venn ist durch ein kleines Holztor gekennzeichnet und das erste St\u00fcck ist ein unbefestigter Weg, bei dem es lediglich galt einigen Pf\u00fctzen auszuweichen. Das Moor selber ist durch Stege gesch\u00fctzt und hat den Vorteil das die eigenen F\u00fc\u00dfe sch\u00f6n trocken bleiben. Ein dichter Nebel lag \u00fcber dem gesamten Moor, alle Ger\u00e4usche waren nur ged\u00e4mpft zu h\u00f6ren und es war so eine friedliche Stimmung. In der gesamten Zeit dort sind mir lediglich 2x andere Besucher begegnet. Dadurch war ich von Beginn an sehr entspannt und es viel mir leicht vor der Kamera zu experimentieren.<\/p>\n<p>&nbsp;<\/p>\n<p>Durch den vorangegangenen Fotowalk hatte ich schon Bilder und Ideen im Kopf, die nur darauf warteten herauszukommen. Um Gewicht zu sparen waren nur 2 Objektive im Rucksack, ein 50mm 1,8 und ein 85mm 1,8.<span class=\"Apple-converted-space\">\u00a0 <\/span>Bei dem Fotowalk war ein wundersch\u00f6nes Bild von einer Frau in einem langen Mantel, von hinten in der Bewegung entstanden. Mit dieser Idee im Kopf habe ich dann begonnen. Also erstmal das Stativ aus dem Rucksack heraus und dieses aufstellen, die Kamera mit dem 85mm Objektiv darauf und die Kamera dann noch mit dem Handy verbinden.<\/p>\n<p>Es war gar nicht so einfach das gew\u00fcnschte Bild zu bekommen. Eine Bewegung hinzubekommen, die nat\u00fcrlich aussah war gar nicht so einfach und so hie\u00df es ausprobieren und so lange Bilder aufnehmen bis ich zufrieden war. So ging es mit den verschiedenen Ideen weiter. F\u00fcr eine Idee nehme ich immer mehrere Bilder auf und variiere dabei die Posen. Manchmal sind es nur kleine Varianten, die im Bildergebnis einen gro\u00dfen Unterschied ausmachen und dann erst am gro\u00dfen Monitor zu Hause zu sehen sind.<span class=\"Apple-converted-space\">\u00a0<\/span><\/p>\n<p><img loading=\"lazy\" decoding=\"async\" class=\"wp-image-57 size-full aligncenter\" src=\"https:\/\/leisewege.de\/wp-content\/uploads\/2022\/03\/FL0_6065web.jpg\" alt=\"\" width=\"665\" height=\"1000\" srcset=\"https:\/\/leisewege.de\/wp-content\/uploads\/2022\/03\/FL0_6065web.jpg 665w, https:\/\/leisewege.de\/wp-content\/uploads\/2022\/03\/FL0_6065web-200x300.jpg 200w, https:\/\/leisewege.de\/wp-content\/uploads\/2022\/03\/FL0_6065web-40x60.jpg 40w\" sizes=\"auto, (max-width: 665px) 100vw, 665px\" \/><\/p>\n<p>Zus\u00e4tzlich zu dem gro\u00dfen Stativ hatte auch mein kleines Mini-Stativ seinen Weg in den Rucksack gefunden. Damit ist die Kamera schnell auf eine geringe H\u00f6he gebracht und hat trotzdem die volle Bewegungsfreiheit. Jetzt kam auch der kleine Trockenblumenstrau\u00df zum Einsatz. Meine Winterschuhe haben einen umlaufenden Schn\u00fcrsenkel und so war es leicht die Bl\u00fcmchen an dem Schuh zu befestigen. Auch hier galt es durch ausprobieren eine sch\u00f6ne Position zu finden und so ging es mal ein St\u00fcck nach vorne oder hinten, nach rechts oder links und ein wenig im Kreis.<\/p>\n<p style=\"text-align: center;\"><img loading=\"lazy\" decoding=\"async\" class=\"alignnone size-medium wp-image-63\" src=\"https:\/\/leisewege.de\/wp-content\/uploads\/2022\/03\/IMG_7762-225x300.jpeg\" alt=\"\" width=\"225\" height=\"300\" srcset=\"https:\/\/leisewege.de\/wp-content\/uploads\/2022\/03\/IMG_7762-225x300.jpeg 225w, https:\/\/leisewege.de\/wp-content\/uploads\/2022\/03\/IMG_7762-768x1024.jpeg 768w, https:\/\/leisewege.de\/wp-content\/uploads\/2022\/03\/IMG_7762-1152x1536.jpeg 1152w, https:\/\/leisewege.de\/wp-content\/uploads\/2022\/03\/IMG_7762-1536x2048.jpeg 1536w, https:\/\/leisewege.de\/wp-content\/uploads\/2022\/03\/IMG_7762-45x60.jpeg 45w, https:\/\/leisewege.de\/wp-content\/uploads\/2022\/03\/IMG_7762-scaled.jpeg 1920w\" sizes=\"auto, (max-width: 225px) 100vw, 225px\" \/>\u00a0\u00a0<img loading=\"lazy\" decoding=\"async\" class=\"alignnone wp-image-65\" src=\"https:\/\/leisewege.de\/wp-content\/uploads\/2022\/03\/FL0_6104web-300x200.jpg\" alt=\"\" width=\"450\" height=\"300\" srcset=\"https:\/\/leisewege.de\/wp-content\/uploads\/2022\/03\/FL0_6104web-300x200.jpg 300w, https:\/\/leisewege.de\/wp-content\/uploads\/2022\/03\/FL0_6104web-768x511.jpg 768w, https:\/\/leisewege.de\/wp-content\/uploads\/2022\/03\/FL0_6104web-450x300.jpg 450w, https:\/\/leisewege.de\/wp-content\/uploads\/2022\/03\/FL0_6104web-90x60.jpg 90w, https:\/\/leisewege.de\/wp-content\/uploads\/2022\/03\/FL0_6104web.jpg 1000w\" sizes=\"auto, (max-width: 450px) 100vw, 450px\" \/><\/p>\n<p>Der Nebel war so dicht und tief so das nach kurzer Zeit alles von einem leichten, nassen Tropfenfilm \u00fcberzogen war. Die Kamera und die Stative hat es nicht gest\u00f6rt und irgendwie passte es zur Stimmung, dass meine Haare auch nass wurden und die zuvor zu Hause sorgf\u00e4ltig gef\u00f6hnte Frisur sich langsam verabschiedete. Auch bei den formatf\u00fcllerenden Portraits hat es die Bildwirkung nur unterst\u00fctzt. Mit dem 85mm Objektiv waren die Ganzk\u00f6rperportaits problemlos m\u00f6glich. Nur bei den formatf\u00fcllenden Portraits war es etwas schwierig die richtige Position der Kamera, auf dem Stativ einzustellen. Das schwierigste war die richtige H\u00f6he zu treffen. Nach einigen Versuchen hatte es dann doch geklappt. Um es mir dann ein wenig zu erleichtern, gab es noch einen Objektivtausch und das 50mm Objektiv kam zu seinem Einsatz.<\/p>\n<p><img loading=\"lazy\" decoding=\"async\" class=\"aligncenter wp-image-60 size-full\" src=\"https:\/\/leisewege.de\/wp-content\/uploads\/2022\/03\/FL0_6190web.jpg\" alt=\"\" width=\"1000\" height=\"665\" srcset=\"https:\/\/leisewege.de\/wp-content\/uploads\/2022\/03\/FL0_6190web.jpg 1000w, https:\/\/leisewege.de\/wp-content\/uploads\/2022\/03\/FL0_6190web-300x200.jpg 300w, https:\/\/leisewege.de\/wp-content\/uploads\/2022\/03\/FL0_6190web-768x511.jpg 768w, https:\/\/leisewege.de\/wp-content\/uploads\/2022\/03\/FL0_6190web-450x300.jpg 450w, https:\/\/leisewege.de\/wp-content\/uploads\/2022\/03\/FL0_6190web-90x60.jpg 90w\" sizes=\"auto, (max-width: 1000px) 100vw, 1000px\" \/><\/p>\n<p style=\"text-align: center;\"><img loading=\"lazy\" decoding=\"async\" class=\"alignnone wp-image-59 size-full\" src=\"https:\/\/leisewege.de\/wp-content\/uploads\/2022\/03\/FL0_6171web.jpg\" alt=\"\" width=\"1000\" height=\"665\" srcset=\"https:\/\/leisewege.de\/wp-content\/uploads\/2022\/03\/FL0_6171web.jpg 1000w, https:\/\/leisewege.de\/wp-content\/uploads\/2022\/03\/FL0_6171web-300x200.jpg 300w, https:\/\/leisewege.de\/wp-content\/uploads\/2022\/03\/FL0_6171web-768x511.jpg 768w, https:\/\/leisewege.de\/wp-content\/uploads\/2022\/03\/FL0_6171web-450x300.jpg 450w, https:\/\/leisewege.de\/wp-content\/uploads\/2022\/03\/FL0_6171web-90x60.jpg 90w\" sizes=\"auto, (max-width: 1000px) 100vw, 1000px\" \/><\/p>\n<p>\u00a0\u00a0<img loading=\"lazy\" decoding=\"async\" class=\"aligncenter wp-image-58 size-full\" src=\"https:\/\/leisewege.de\/wp-content\/uploads\/2022\/03\/FL0_6135web.jpg\" alt=\"\" width=\"665\" height=\"1000\" srcset=\"https:\/\/leisewege.de\/wp-content\/uploads\/2022\/03\/FL0_6135web.jpg 665w, https:\/\/leisewege.de\/wp-content\/uploads\/2022\/03\/FL0_6135web-200x300.jpg 200w, https:\/\/leisewege.de\/wp-content\/uploads\/2022\/03\/FL0_6135web-40x60.jpg 40w\" sizes=\"auto, (max-width: 665px) 100vw, 665px\" \/><\/p>\n<p><span class=\"Apple-converted-space\">\u00a0<\/span>Mit Temperaturen nur ein wenig \u00fcber dem Gefrierpunkt, wurde es nach 1 1\/2 Stunden doch langsam ein wenig ungem\u00fctlich und meine H\u00e4nde hatten mittlerweile auch eine andere Farbe angenommen und waren ganz rot vom fotografieren ohne Handschuhe.<\/p>\n<p>Bei den letzten Bildern bin ich dann wirklich vor der Kamera herumgeh\u00fcpft, um vielleicht wieder ein bisschen warm zu werden. Ob ich das auch gemacht h\u00e4tte, wenn andere Menschen zugesehen h\u00e4tten, weiss ich nicht. Es hat aber ziemlich viel Spa\u00df gemacht. So packte ich mit einem guten Gef\u00fchl, vielen neuen Bildern auf der Speicherkarte und gut gelaunt die Stative und die Kamera ein und machte mich auf den R\u00fcckweg zum Auto.<span class=\"Apple-converted-space\">\u00a0<\/span><\/p>\n<p><img loading=\"lazy\" decoding=\"async\" class=\"aligncenter wp-image-68 size-full\" src=\"https:\/\/leisewege.de\/wp-content\/uploads\/2022\/03\/FL0_6231web.jpg\" alt=\"\" width=\"665\" height=\"1000\" srcset=\"https:\/\/leisewege.de\/wp-content\/uploads\/2022\/03\/FL0_6231web.jpg 665w, https:\/\/leisewege.de\/wp-content\/uploads\/2022\/03\/FL0_6231web-200x300.jpg 200w, https:\/\/leisewege.de\/wp-content\/uploads\/2022\/03\/FL0_6231web-40x60.jpg 40w\" sizes=\"auto, (max-width: 665px) 100vw, 665px\" \/><\/p>\n","protected":false},"excerpt":{"rendered":"<p>Inspiriert durch einen Fotowalk mit der lieben Jessy von jessylee.de , fuhr ich an einem nebligen Mittwochmittag nach Belgien ins hohe Venn. Um mich in eine positivere Stimmung zu versetzen, fuhr ich laut singend mit dem Auto gut 1 1\/2 Stunden von zu Hause nach Belgien. Im hohen Venn angekommen standen nur wenige Autos auf &hellip; <\/p>\n","protected":false},"author":1,"featured_media":74,"comment_status":"open","ping_status":"open","sticky":false,"template":"","format":"standard","meta":{"footnotes":""},"categories":[3],"tags":[],"class_list":["post-50","post","type-post","status-publish","format-standard","has-post-thumbnail","hentry","category-selbstportraets"],"_links":{"self":[{"href":"https:\/\/leisewege.de\/index.php?rest_route=\/wp\/v2\/posts\/50","targetHints":{"allow":["GET"]}}],"collection":[{"href":"https:\/\/leisewege.de\/index.php?rest_route=\/wp\/v2\/posts"}],"about":[{"href":"https:\/\/leisewege.de\/index.php?rest_route=\/wp\/v2\/types\/post"}],"author":[{"embeddable":true,"href":"https:\/\/leisewege.de\/index.php?rest_route=\/wp\/v2\/users\/1"}],"replies":[{"embeddable":true,"href":"https:\/\/leisewege.de\/index.php?rest_route=%2Fwp%2Fv2%2Fcomments&post=50"}],"version-history":[{"count":8,"href":"https:\/\/leisewege.de\/index.php?rest_route=\/wp\/v2\/posts\/50\/revisions"}],"predecessor-version":[{"id":103,"href":"https:\/\/leisewege.de\/index.php?rest_route=\/wp\/v2\/posts\/50\/revisions\/103"}],"wp:featuredmedia":[{"embeddable":true,"href":"https:\/\/leisewege.de\/index.php?rest_route=\/wp\/v2\/media\/74"}],"wp:attachment":[{"href":"https:\/\/leisewege.de\/index.php?rest_route=%2Fwp%2Fv2%2Fmedia&parent=50"}],"wp:term":[{"taxonomy":"category","embeddable":true,"href":"https:\/\/leisewege.de\/index.php?rest_route=%2Fwp%2Fv2%2Fcategories&post=50"},{"taxonomy":"post_tag","embeddable":true,"href":"https:\/\/leisewege.de\/index.php?rest_route=%2Fwp%2Fv2%2Ftags&post=50"}],"curies":[{"name":"wp","href":"https:\/\/api.w.org\/{rel}","templated":true}]}}